{"id":11031,"date":"2019-07-09T19:07:00","date_gmt":"2019-07-09T17:07:00","guid":{"rendered":"https:\/\/www.venalink.es\/la-experiencia-en-spd-de-silvia-lara-las-palmas-de-gran-canaria\/"},"modified":"2021-04-06T10:52:39","modified_gmt":"2021-04-06T08:52:39","slug":"la-experiencia-en-spd-de-silvia-lara-las-palmas-de-gran-canaria","status":"publish","type":"post","link":"https:\/\/www.venalink.es\/ca\/la-experiencia-en-spd-de-silvia-lara-las-palmas-de-gran-canaria\/","title":{"rendered":"La experiencia en SPD de Silvia Lara. Las Palmas de Gran Canaria."},"content":{"rendered":"","protected":false},"excerpt":{"rendered":"<p>El pasado 19 y 20 de febrero de 2019 estuvimos de la mano del Colegio Oficial de Farmac\u00e9uticos (COF) de Las Palmas, formando parte de la 10\u00aa edici\u00f3n del Curso Semipresencial para la acreditaci\u00f3n del servicio profesional farmac\u00e9utico con Sistemas Personalizados de Dosificaci\u00f3n (SPD). En este emplazamiento, conocimos a Silvia Lara Afonso, qui\u00e9n participaba explicando su experiencia a los farmac\u00e9uticos asistentes, y que desde el primer momento se prest\u00f3 a escribirnos para el blog de Venalink, su historia de \u00e9xito con los SPD.<\/p>\n","protected":false},"author":3,"featured_media":8935,"comment_status":"open","ping_status":"open","sticky":false,"template":"","format":"standard","meta":{"om_disable_all_campaigns":false,"footnotes":""},"categories":[46],"tags":[],"class_list":["post-11031","post","type-post","status-publish","format-standard","has-post-thumbnail","hentry","category-histories-dexit"],"yoast_head":"<!-- This site is optimized with the Yoast SEO plugin v27.5 - https:\/\/yoast.com\/product\/yoast-seo-wordpress\/ -->\n<title>La experiencia en SPD de Silvia Lara. Las Palmas de Gran Canaria | SPD Venalink<\/title>\n<meta name=\"description\" content=\"\u201cLa aceptaci\u00f3n al SPD ha sido muy positiva, ya que se despreocupan totalmente de tener que estar pendientes de qu\u00e9 comprimido o c\u00e1psula les toca tomar&quot;. Lee la experiencia completa...\" \/>\n<meta name=\"robots\" content=\"index, follow, max-snippet:-1, max-image-preview:large, max-video-preview:-1\" \/>\n<link rel=\"canonical\" href=\"https:\/\/www.venalink.es\/ca\/la-experiencia-en-spd-de-silvia-lara-las-palmas-de-gran-canaria\/\" \/>\n<meta property=\"og:locale\" content=\"ca_ES\" \/>\n<meta property=\"og:type\" content=\"article\" \/>\n<meta property=\"og:title\" content=\"La experiencia en SPD de Silvia Lara. Las Palmas de Gran Canaria | SPD Venalink\" \/>\n<meta property=\"og:description\" content=\"\u201cLa aceptaci\u00f3n al SPD ha sido muy positiva, ya que se despreocupan totalmente de tener que estar pendientes de qu\u00e9 comprimido o c\u00e1psula les toca tomar&quot;. Lee la experiencia completa...\" \/>\n<meta property=\"og:url\" content=\"https:\/\/www.venalink.es\/ca\/la-experiencia-en-spd-de-silvia-lara-las-palmas-de-gran-canaria\/\" \/>\n<meta property=\"og:site_name\" content=\"VENALINK\" \/>\n<meta property=\"article:published_time\" content=\"2019-07-09T17:07:00+00:00\" \/>\n<meta property=\"article:modified_time\" content=\"2021-04-06T08:52:39+00:00\" \/>\n<meta property=\"og:image\" content=\"https:\/\/www.venalink.es\/wp-content\/uploads\/2019\/07\/historia-silvia-lara-principal.jpg\" \/>\n\t<meta property=\"og:image:width\" content=\"1200\" \/>\n\t<meta property=\"og:image:height\" content=\"720\" \/>\n\t<meta property=\"og:image:type\" content=\"image\/jpeg\" \/>\n<meta name=\"author\" content=\"M. \u00c1ngeles P\u00e9rez Caro\" \/>\n<meta name=\"twitter:card\" content=\"summary_large_image\" \/>\n<meta name=\"twitter:label1\" content=\"Escrit per\" \/>\n\t<meta name=\"twitter:data1\" content=\"M. \u00c1ngeles P\u00e9rez Caro\" \/>\n<!-- \/ Yoast SEO plugin. -->","yoast_head_json":{"title":"La experiencia en SPD de Silvia Lara. Las Palmas de Gran Canaria | SPD Venalink","description":"\u201cLa aceptaci\u00f3n al SPD ha sido muy positiva, ya que se despreocupan totalmente de tener que estar pendientes de qu\u00e9 comprimido o c\u00e1psula les toca tomar\". Lee la experiencia completa...","robots":{"index":"index","follow":"follow","max-snippet":"max-snippet:-1","max-image-preview":"max-image-preview:large","max-video-preview":"max-video-preview:-1"},"canonical":"https:\/\/www.venalink.es\/ca\/la-experiencia-en-spd-de-silvia-lara-las-palmas-de-gran-canaria\/","og_locale":"ca_ES","og_type":"article","og_title":"La experiencia en SPD de Silvia Lara. Las Palmas de Gran Canaria | SPD Venalink","og_description":"\u201cLa aceptaci\u00f3n al SPD ha sido muy positiva, ya que se despreocupan totalmente de tener que estar pendientes de qu\u00e9 comprimido o c\u00e1psula les toca tomar\". Lee la experiencia completa...","og_url":"https:\/\/www.venalink.es\/ca\/la-experiencia-en-spd-de-silvia-lara-las-palmas-de-gran-canaria\/","og_site_name":"VENALINK","article_published_time":"2019-07-09T17:07:00+00:00","article_modified_time":"2021-04-06T08:52:39+00:00","og_image":[{"width":1200,"height":720,"url":"https:\/\/www.venalink.es\/wp-content\/uploads\/2019\/07\/historia-silvia-lara-principal.jpg","type":"image\/jpeg"}],"author":"M. \u00c1ngeles P\u00e9rez Caro","twitter_card":"summary_large_image","twitter_misc":{"Escrit per":"M. \u00c1ngeles P\u00e9rez Caro"},"schema":{"@context":"https:\/\/schema.org","@graph":[{"@type":"Article","@id":"https:\/\/www.venalink.es\/ca\/la-experiencia-en-spd-de-silvia-lara-las-palmas-de-gran-canaria\/#article","isPartOf":{"@id":"https:\/\/www.venalink.es\/ca\/la-experiencia-en-spd-de-silvia-lara-las-palmas-de-gran-canaria\/"},"author":{"name":"M. \u00c1ngeles P\u00e9rez Caro","@id":"https:\/\/www.venalink.es\/#\/schema\/person\/9ea2941fd58e24a869a98c0e93c87fed"},"headline":"La experiencia en SPD de Silvia Lara. Las Palmas de Gran Canaria.","datePublished":"2019-07-09T17:07:00+00:00","dateModified":"2021-04-06T08:52:39+00:00","mainEntityOfPage":{"@id":"https:\/\/www.venalink.es\/ca\/la-experiencia-en-spd-de-silvia-lara-las-palmas-de-gran-canaria\/"},"wordCount":12,"commentCount":0,"image":{"@id":"https:\/\/www.venalink.es\/ca\/la-experiencia-en-spd-de-silvia-lara-las-palmas-de-gran-canaria\/#primaryimage"},"thumbnailUrl":"https:\/\/www.venalink.es\/wp-content\/uploads\/2019\/07\/historia-silvia-lara-principal.jpg","articleSection":["Hist\u00f2ries d&#039;\u00c9xit"],"inLanguage":"ca","potentialAction":[{"@type":"CommentAction","name":"Comment","target":["https:\/\/www.venalink.es\/ca\/la-experiencia-en-spd-de-silvia-lara-las-palmas-de-gran-canaria\/#respond"]}]},{"@type":"WebPage","@id":"https:\/\/www.venalink.es\/ca\/la-experiencia-en-spd-de-silvia-lara-las-palmas-de-gran-canaria\/","url":"https:\/\/www.venalink.es\/ca\/la-experiencia-en-spd-de-silvia-lara-las-palmas-de-gran-canaria\/","name":"La experiencia en SPD de Silvia Lara. Las Palmas de Gran Canaria | SPD Venalink","isPartOf":{"@id":"https:\/\/www.venalink.es\/#website"},"primaryImageOfPage":{"@id":"https:\/\/www.venalink.es\/ca\/la-experiencia-en-spd-de-silvia-lara-las-palmas-de-gran-canaria\/#primaryimage"},"image":{"@id":"https:\/\/www.venalink.es\/ca\/la-experiencia-en-spd-de-silvia-lara-las-palmas-de-gran-canaria\/#primaryimage"},"thumbnailUrl":"https:\/\/www.venalink.es\/wp-content\/uploads\/2019\/07\/historia-silvia-lara-principal.jpg","datePublished":"2019-07-09T17:07:00+00:00","dateModified":"2021-04-06T08:52:39+00:00","author":{"@id":"https:\/\/www.venalink.es\/#\/schema\/person\/9ea2941fd58e24a869a98c0e93c87fed"},"description":"\u201cLa aceptaci\u00f3n al SPD ha sido muy positiva, ya que se despreocupan totalmente de tener que estar pendientes de qu\u00e9 comprimido o c\u00e1psula les toca tomar\". Lee la experiencia completa...","breadcrumb":{"@id":"https:\/\/www.venalink.es\/ca\/la-experiencia-en-spd-de-silvia-lara-las-palmas-de-gran-canaria\/#breadcrumb"},"inLanguage":"ca","potentialAction":[{"@type":"ReadAction","target":["https:\/\/www.venalink.es\/ca\/la-experiencia-en-spd-de-silvia-lara-las-palmas-de-gran-canaria\/"]}]},{"@type":"ImageObject","inLanguage":"ca","@id":"https:\/\/www.venalink.es\/ca\/la-experiencia-en-spd-de-silvia-lara-las-palmas-de-gran-canaria\/#primaryimage","url":"https:\/\/www.venalink.es\/wp-content\/uploads\/2019\/07\/historia-silvia-lara-principal.jpg","contentUrl":"https:\/\/www.venalink.es\/wp-content\/uploads\/2019\/07\/historia-silvia-lara-principal.jpg","width":1200,"height":720,"caption":"casos de exito spd"},{"@type":"BreadcrumbList","@id":"https:\/\/www.venalink.es\/ca\/la-experiencia-en-spd-de-silvia-lara-las-palmas-de-gran-canaria\/#breadcrumb","itemListElement":[{"@type":"ListItem","position":1,"name":"Portada","item":"https:\/\/www.venalink.es\/ca\/"},{"@type":"ListItem","position":2,"name":"La experiencia en SPD de Silvia Lara. Las Palmas de Gran Canaria."}]},{"@type":"WebSite","@id":"https:\/\/www.venalink.es\/#website","url":"https:\/\/www.venalink.es\/","name":"VENALINK","description":"Medication Made Simple","potentialAction":[{"@type":"SearchAction","target":{"@type":"EntryPoint","urlTemplate":"https:\/\/www.venalink.es\/?s={search_term_string}"},"query-input":{"@type":"PropertyValueSpecification","valueRequired":true,"valueName":"search_term_string"}}],"inLanguage":"ca"},{"@type":"Person","@id":"https:\/\/www.venalink.es\/#\/schema\/person\/9ea2941fd58e24a869a98c0e93c87fed","name":"M. \u00c1ngeles P\u00e9rez Caro","image":{"@type":"ImageObject","inLanguage":"ca","@id":"https:\/\/secure.gravatar.com\/avatar\/917077b208caf1dbb45b20743df2f9ed685eec89f6bf04381583abdfca34418a?s=96&d=blank&r=g","url":"https:\/\/secure.gravatar.com\/avatar\/917077b208caf1dbb45b20743df2f9ed685eec89f6bf04381583abdfca34418a?s=96&d=blank&r=g","contentUrl":"https:\/\/secure.gravatar.com\/avatar\/917077b208caf1dbb45b20743df2f9ed685eec89f6bf04381583abdfca34418a?s=96&d=blank&r=g","caption":"M. \u00c1ngeles P\u00e9rez Caro"},"url":"https:\/\/www.venalink.es\/ca\/author\/mangelesperezcaro\/"}]}},"_links":{"self":[{"href":"https:\/\/www.venalink.es\/ca\/wp-json\/wp\/v2\/posts\/11031","targetHints":{"allow":["GET"]}}],"collection":[{"href":"https:\/\/www.venalink.es\/ca\/wp-json\/wp\/v2\/posts"}],"about":[{"href":"https:\/\/www.venalink.es\/ca\/wp-json\/wp\/v2\/types\/post"}],"author":[{"embeddable":true,"href":"https:\/\/www.venalink.es\/ca\/wp-json\/wp\/v2\/users\/3"}],"replies":[{"embeddable":true,"href":"https:\/\/www.venalink.es\/ca\/wp-json\/wp\/v2\/comments?post=11031"}],"version-history":[{"count":4,"href":"https:\/\/www.venalink.es\/ca\/wp-json\/wp\/v2\/posts\/11031\/revisions"}],"predecessor-version":[{"id":12741,"href":"https:\/\/www.venalink.es\/ca\/wp-json\/wp\/v2\/posts\/11031\/revisions\/12741"}],"wp:featuredmedia":[{"embeddable":true,"href":"https:\/\/www.venalink.es\/ca\/wp-json\/wp\/v2\/media\/8935"}],"wp:attachment":[{"href":"https:\/\/www.venalink.es\/ca\/wp-json\/wp\/v2\/media?parent=11031"}],"wp:term":[{"taxonomy":"category","embeddable":true,"href":"https:\/\/www.venalink.es\/ca\/wp-json\/wp\/v2\/categories?post=11031"},{"taxonomy":"post_tag","embeddable":true,"href":"https:\/\/www.venalink.es\/ca\/wp-json\/wp\/v2\/tags?post=11031"}],"curies":[{"name":"wp","href":"https:\/\/api.w.org\/{rel}","templated":true}]}}