{"id":11111,"date":"2017-06-06T16:28:25","date_gmt":"2017-06-06T16:28:25","guid":{"rendered":"https:\/\/www.venalink.es\/venalink-colabora-los-talleres-acreditacion-spd-organizados-cof-las-palmas-gran-canaria\/"},"modified":"2020-04-03T14:13:14","modified_gmt":"2020-04-03T12:13:14","slug":"venalink-colabora-los-talleres-acreditacion-spd-organizados-cof-las-palmas-gran-canaria","status":"publish","type":"post","link":"https:\/\/www.venalink.es\/ca\/venalink-colabora-los-talleres-acreditacion-spd-organizados-cof-las-palmas-gran-canaria\/","title":{"rendered":"Venalink colabora en los talleres de acreditaci\u00f3n de SPD organizados por el COF de Las Palmas de Gran Canaria"},"content":{"rendered":"<h1><img loading=\"lazy\" decoding=\"async\" class=\"alignleft size-full wp-image-2296\" src=\"https:\/\/www.venalink.es\/beta2019\/wp-content\/uploads\/2017\/06\/1705_Venalink_postprincipal.jpg\" alt=\"Venalink-Taller Las Palmas\" width=\"1200\" height=\"628\" srcset=\"https:\/\/www.venalink.es\/wp-content\/uploads\/2017\/06\/1705_Venalink_postprincipal.jpg 1200w, https:\/\/www.venalink.es\/wp-content\/uploads\/2017\/06\/1705_Venalink_postprincipal-300x157.jpg 300w, https:\/\/www.venalink.es\/wp-content\/uploads\/2017\/06\/1705_Venalink_postprincipal-1024x536.jpg 1024w, https:\/\/www.venalink.es\/wp-content\/uploads\/2017\/06\/1705_Venalink_postprincipal-768x402.jpg 768w\" sizes=\"auto, (max-width: 1200px) 100vw, 1200px\" \/><\/h1>\n<p>Los d\u00edas 5 y 6 de junio, hemos participado en los&nbsp;<strong>talleres de acreditaci\u00f3n de SPD<\/strong>&nbsp;organizados por el&nbsp;<strong>COF de Las Palmas de Gran Canaria<\/strong>.<\/p>\n<p>Los talleres han contado con ponentes como Lourdes Mayo del Servicio Canario de Salud; Marina D\u00edaz, especialista en farmacia hospitalaria (Hospital Negrin); Mabel Pallares y Jos\u00e9 Amat del Departamento de Desarrollo profesional del Colegio Farmac\u00e9utico de Las Palmas de Gran Canaria y con nuestra colaboraci\u00f3n para apoyar todo lo referente al ofrecimiento y puesta en marcha del servicio en la farmacia.<\/p>\n<p><a href=\"https:\/\/www.venalink.es\/beta2019\/wp-content\/uploads\/2017\/06\/1706_TallerLasPalmas04.jpg\"><img loading=\"lazy\" decoding=\"async\" class=\"alignnone size-full wp-image-2297\" src=\"https:\/\/www.venalink.es\/beta2019\/wp-content\/uploads\/2017\/06\/1706_TallerLasPalmas04.jpg\" alt=\"Venalink - Taller SPD Las Palmas\" width=\"1200\" height=\"628\" srcset=\"https:\/\/www.venalink.es\/wp-content\/uploads\/2017\/06\/1706_TallerLasPalmas04.jpg 1200w, https:\/\/www.venalink.es\/wp-content\/uploads\/2017\/06\/1706_TallerLasPalmas04-300x157.jpg 300w, https:\/\/www.venalink.es\/wp-content\/uploads\/2017\/06\/1706_TallerLasPalmas04-1024x536.jpg 1024w, https:\/\/www.venalink.es\/wp-content\/uploads\/2017\/06\/1706_TallerLasPalmas04-768x402.jpg 768w\" sizes=\"auto, (max-width: 1200px) 100vw, 1200px\" \/><\/a><\/p>\n<h4>VIII edici\u00f3n de los talleres de acreditaci\u00f3n del SPD<\/h4>\n<p>Esta es la octava edici\u00f3n del curso y desde la primera edici\u00f3n la acogida ha sido muy buena.<\/p>\n<p>Entre los objetivos&nbsp;del programa est\u00e1 el orientar al farmac\u00e9utico en la elaboraci\u00f3n de su propio PNT.<\/p>\n<p>En esta edici\u00f3n hemos examinado todos los pasos del &nbsp;proceso de implantaci\u00f3n del SPD en la farmacia:<\/p>\n<ul>\n<li>Detecci\u00f3n del paciente id\u00f3neo. El SPD es solo para aquellos pacientes que obtengan un beneficio asistencial.<\/li>\n<li>Dar la informaci\u00f3n correcta al paciente. Todo el equipo debe tener un discurso alineado y f\u00e1cil de entender.<\/li>\n<li>Entrevista inicial en una zona de atenci\u00f3n personalizada.<\/li>\n<li>Consentimiento informado. Compromisos por parte de la farmacia y del paciente.<\/li>\n<li>Elaboraci\u00f3n de la ficha de paciente.<\/li>\n<li>Revisi\u00f3n de la medicaci\u00f3n.<\/li>\n<li>Preparaci\u00f3n SPD (elaboraci\u00f3n, etiquetas, comprobaci\u00f3n).<\/li>\n<li>Entrega de SPD al paciente.<\/li>\n<li>Seguimiento del tratamiento y control.<\/li>\n<\/ul>\n<p><a href=\"https:\/\/www.venalink.es\/beta2019\/wp-content\/uploads\/2017\/06\/1706_Venalink_taller01.jpg\"><img loading=\"lazy\" decoding=\"async\" class=\"alignnone size-full wp-image-2299\" src=\"https:\/\/www.venalink.es\/beta2019\/wp-content\/uploads\/2017\/06\/1706_Venalink_taller01.jpg\" alt=\"1706_Venalink_taller01\" width=\"1200\" height=\"628\" srcset=\"https:\/\/www.venalink.es\/wp-content\/uploads\/2017\/06\/1706_Venalink_taller01.jpg 1200w, https:\/\/www.venalink.es\/wp-content\/uploads\/2017\/06\/1706_Venalink_taller01-300x157.jpg 300w, https:\/\/www.venalink.es\/wp-content\/uploads\/2017\/06\/1706_Venalink_taller01-1024x536.jpg 1024w, https:\/\/www.venalink.es\/wp-content\/uploads\/2017\/06\/1706_Venalink_taller01-768x402.jpg 768w\" sizes=\"auto, (max-width: 1200px) 100vw, 1200px\" \/><\/a><\/p>\n<h5>Mar\u00eda Lourdes Mayo Reyes, Servicio de Ordenaci\u00f3n Farmac\u00e9utica, Direcci\u00f3n del Servicio Canario de Salud.&nbsp;\u201cMarco Legal. Sistemas Personalizados de Dosificaci\u00f3n\u201d.<\/h5>\n<p>Lourdes Mayo ha expuesto de forma detallada el&nbsp;<strong>marco legal que sustenta el servicio del SPD<\/strong>&nbsp;recordando&nbsp;que son&nbsp;los farmac\u00e9uticos en las oficinas de farmacia los profesionales autorizados para realizar este servicio. Importante recordar que este servicio no se puede llevar a cabo por terceros.<\/p>\n<p>En su ponencia se han revisado las funciones de las oficinas de farmacia y la definici\u00f3n de oficina de farmacia seg\u00fan el art\u00edculo 1. Otros de los temas analizados han sido los servicios b\u00e1sicos que deben prestar las farmacias, la garant\u00eda de atenci\u00f3n farmac\u00e9utica y c\u00f3mo este servicio SPD est\u00e1 dentro de la atenci\u00f3n farmac\u00e9utica, y por \u00faltimo la actuaci\u00f3n coordinada con las estructuras asistenciales de los servicios de salud en materia de servicios profesionales.<\/p>\n<h5>Marco legal del SPD<\/h5>\n<p>Hoy en d\u00eda son muchos los servicios que las farmacias prestan y que requieren el cumplimiento de una serie de requisitos y la intervenci\u00f3n de la administraci\u00f3n:<\/p>\n<ul>\n<li>Autorizaciones<\/li>\n<li>Acreditaciones<\/li>\n<li>Formaci\u00f3n especifica<\/li>\n<li>Superaci\u00f3n de pruebas, etc.<\/li>\n<\/ul>\n<p>Dado que el&nbsp;<strong>servicio SPD<\/strong>&nbsp;est\u00e1 enfocado&nbsp;&nbsp;a mejorar el cumplimiento terap\u00e9utico, parece razonable consultar con el prescriptor&nbsp;e&nbsp;informarle del servicio&nbsp;que ofrecemos. Esta labor&nbsp;debe realizarse seg\u00fan las condiciones que propongan las comunidades aut\u00f3nomas.<\/p>\n<p>El SPD no es sacar medicamentos de un envase y volverlos a envasar en otro contenedor. El SPD es un &nbsp;<strong>conjunto de actuaciones profesionales farmac\u00e9uticas<\/strong>,&nbsp;posteriores a la dispensaci\u00f3n y prestadas en la oficina de farmacia.<\/p>\n<p><strong>Este conjunto de actuaciones incluyen:<\/strong><\/p>\n<ul>\n<li>Informaci\u00f3n al paciente<\/li>\n<li>El paciente firma un consentimiento informado<\/li>\n<li>Entrevista inicial<\/li>\n<li>Revisi\u00f3n del tratamiento con comunicaci\u00f3n con el medico si fuese preciso<\/li>\n<li>Elaboraci\u00f3n de la ficha del paciente<\/li>\n<li>Preparaci\u00f3n de la medicaci\u00f3n<\/li>\n<li>Revisi\u00f3n del tratamiento<\/li>\n<li>Seguimiento<\/li>\n<\/ul>\n<p><strong>Para ofrecer SPD en las farmacias son necesarios los siguientes requisitos:<\/strong><\/p>\n<ul>\n<li>Formaci\u00f3n espec\u00edfica del farmac\u00e9utico<\/li>\n<li>Relaci\u00f3n de utillaje y vestimenta<\/li>\n<li>Local, zona de atenci\u00f3n farmac\u00e9utica, zona de elaboraci\u00f3n y zona de almacenamiento<\/li>\n<li>Relaci\u00f3n de Procedimientos Normalizados de Trabajo)<\/li>\n<li>Justificaci\u00f3n documental de los criterios de inclusi\u00f3n de medicamentos susceptibles de acondicionar<\/li>\n<\/ul>\n<p>Finalmente, se han comentado los&nbsp;<strong>l\u00edmites legales de la promoci\u00f3n del Servicio SPD<\/strong>&nbsp;fuera de la oficina de farmacia. Para ello, es necesario distinguir entre informar a la poblaci\u00f3n de los servicios que la farmacia presta y hacer publicidad fuera de la farmacia. Esto \u00faltimo, estar\u00eda incumpliendo la ley de ordenaci\u00f3n farmac\u00e9utica.<\/p>\n<h5>Marina D\u00edaz Pestano, &nbsp;farmac\u00e9utica especialista en Farmacia Hospitalaria.&nbsp;&nbsp;&#8220;Abordaje del problema de la falta de adherencia&nbsp;desde la oficina de Farmacia.\u201d<\/h5>\n<p>El fin \u00faltimo de los SPD es facilitar la adherencia. M\u00e1s del 45% los pacientes cr\u00f3nicos no toman bien la medicaci\u00f3n seg\u00fan datos de las OMS. El incumplimiento es un problema de Salud P\u00fablica.<\/p>\n<p>Marina nos ha explicado el concepto de&nbsp;<strong>adherencia a los medicamentos<\/strong>, las causas que pueden provocar la no adherencia, grupos de pacientes m\u00e1s sensibles a no cumplir el tratamiento, consecuencias del incumplimiento, etc.<\/p>\n<p>Entre los factores que provocan la falta de adherencia se encuentran los siguientes:<\/p>\n<ul>\n<li>R\u00e9gimen terap\u00e9utico complejo<\/li>\n<li>La enfermedad<\/li>\n<li>El paciente<\/li>\n<li>Entorno familiar y social<\/li>\n<li>Estructura sanitaria<\/li>\n<li>Mala comunicaci\u00f3n m\u00e9dico-paciente<\/li>\n<\/ul>\n<p>Se han revisado tambi\u00e9n los m\u00e9todos para valorar la falta de adherencia, los predictores de la falta de adherencia, los tipos de no adherencia y los tipos de entrevista para valorar si el paciente es adherente o no. Adem\u00e1s se ha explicado el concepto de paciente empoderado y &nbsp;el conocimiento que el paciente tiene de su enfermedad. En relaci\u00f3n al SPD hemos analizado qu\u00e9 factores pueden existir asociados a la falta de adherencia as\u00ed como las soluciones individualizadas a la falta de adherencia como por ejemplo el SPD.<\/p>\n<p>Para finalizar, hemos aprendido cuales son las herramientas para solucionar el problema de la falta de adherencia, &nbsp;entre otras la simplificaci\u00f3n al m\u00e1ximo de las terapias, el fomento de la colaboraci\u00f3n interdisciplinar, el empoderamiento del paciente, tarjetas de control\u2026Se han revisado tambi\u00e9n las herramienta para educar a los pacientes en la importancia de cumplir los tratamientos para que los medicamentos funcionen.<\/p>\n<h5>Mabel \u00c1vila Pallar\u00e9s, COF de Las Palmas, Departamento de Desarrollo Profesional: \u201cPrograma de implantaci\u00f3n del servicio de SPD en las oficinas de farmacia.\u201d<\/h5>\n<p>Mabel, en su ponencia, ha explicado el&nbsp;<strong>Programa SPD del Colegio<\/strong>&nbsp;<strong>Farmac\u00e9utico de Las Palmas<\/strong>&nbsp;y como \u00e9ste programa nace para marcar &nbsp;y unificar criterios que permitan ofrecer el servicio SPD con las m\u00e1ximas garant\u00edas. El programa establece una serie de requisitos para ofrecer el servicio seg\u00fan marca la ley.<\/p>\n<p>Se han revisado los requisitos que debe cumplir el titular, el utillaje y &nbsp;vestimenta, la documentaci\u00f3n necesaria, los requisitos que debe cumplir el local de la oficina de farmacia, la solicitud de registro y declaraci\u00f3n responsable.<\/p>\n<p>Otro aspecto explicado a las farmacias asistentes han sido los requisitos para inscribir y registrar la farmacia en el programa SPD una vez est\u00e1n acreditadas por el colegio para poder elaborar SPD.&nbsp;De esta forma,&nbsp;la farmacia queda en el listado del colegio que informa de aquellas farmacias que ofrecen SPD con garant\u00edas.<\/p>\n<p>Es importante se\u00f1alar tambi\u00e9n que los SPD vac\u00edos pueden ser devueltos a la farmacia y recogidos en el SIGRE.<\/p>\n<h5>Jos\u00e9 Amat, COF de Las Palmas, Departamento de Desarrollo Profesional: &#8220;Programa de implantaci\u00f3n del servicio SPD en las oficinas de farmacia&#8221;.<\/h5>\n<p>Jos\u00e9, desde su experiencia, nos ha expuesto c\u00f3mo&nbsp;funcionar\u00eda&nbsp;<strong>el servicio SPD dentro de la oficina de farmacia<\/strong>&nbsp;y nos ha explicado el PNT&nbsp;de forma detallada.<\/p>\n<p>Asimismo, ha presentado los resultados de una encuesta en la que se muestran la percepci\u00f3n y las barreras que los pacientes tienen sobre este servicio.<\/p>\n<p>Jos\u00e9 nos ha presentado un v\u00eddeo explicativo de la elaboraci\u00f3n del SPD para que las farmacias&nbsp;comprueben lo f\u00e1cil que es preparar SPD&nbsp;una vez que la sistem\u00e1tica de trabajo est\u00e1 protocolizada.<\/p>\n<p>Por \u00faltimo, &nbsp;Jos\u00e9 ha elaborado dos casos pr\u00e1cticos con las farmacias y hemos pasado al turno de preguntas.<\/p>\n<p><a href=\"https:\/\/www.venalink.es\/beta2019\/wp-content\/uploads\/2017\/06\/1706_TallerLasPalmas05.jpg\"><img loading=\"lazy\" decoding=\"async\" class=\"alignnone size-full wp-image-2298\" src=\"https:\/\/www.venalink.es\/beta2019\/wp-content\/uploads\/2017\/06\/1706_TallerLasPalmas05.jpg\" alt=\"Venalink- Taller Las Palmas\" width=\"1200\" height=\"628\" srcset=\"https:\/\/www.venalink.es\/wp-content\/uploads\/2017\/06\/1706_TallerLasPalmas05.jpg 1200w, https:\/\/www.venalink.es\/wp-content\/uploads\/2017\/06\/1706_TallerLasPalmas05-300x157.jpg 300w, https:\/\/www.venalink.es\/wp-content\/uploads\/2017\/06\/1706_TallerLasPalmas05-1024x536.jpg 1024w, https:\/\/www.venalink.es\/wp-content\/uploads\/2017\/06\/1706_TallerLasPalmas05-768x402.jpg 768w\" sizes=\"auto, (max-width: 1200px) 100vw, 1200px\" \/><\/a><\/p>\n<h4>Colaboraci\u00f3n de Venalink en los talleres de acreditaci\u00f3n del SPD<\/h4>\n<p>Por \u00faltimo y no menos importante,&nbsp;<strong>Venalink&nbsp;<\/strong><strong>ha colaborado explicando todo el cap\u00edtulo de ofrecimiento del servicio<\/strong>. Como avanzamos hace meses, estamos intentando acabar el procedimiento de ofrecimiento del servicio que compartiremos con todos nuestros seguidores. Hace a\u00f1os que venimos recogiendo informaci\u00f3n de aquellas farmacias que han tenido mucho \u00e9xito en la implantaci\u00f3n del servicio. Toda esta informaci\u00f3n debe ser compartida con los compa\u00f1eros que tienen a\u00fan algunas dificultades al conectar con los pacientes e implantar el servicio.<\/p>\n<p>Los aspectos relevantes que hemos comentado sobre el ofrecimiento del servicio son los siguientes:<\/p>\n<ul>\n<li>La &nbsp;importancia de la colaboraci\u00f3n de los m\u00e9dicos para que el servicio funcione.<\/li>\n<li>La importancia de la actitud con la que el farmac\u00e9utico afronta el ofrecimiento del servicio,<\/li>\n<li>La detecci\u00f3n, por parte del farmac\u00e9utico, del paciente que necesita el servicio.<\/li>\n<li>La relaci\u00f3n de confianza y cercan\u00eda con el paciente.<\/li>\n<li>La empat\u00eda en nuestro lenguaje tanto verbal como no verbal en el ofrecimiento.<\/li>\n<li>La necesidad de educar, informar y empoderar al paciente.<\/li>\n<\/ul>\n<p>Han sido muy interesantes las preguntas de los asistentes pero nos ha parecido que merece la pena destacar el inter\u00e9s general por implantar servicios profesionales que den viabilidad y protejan nuestro modelo.<\/p>\n","protected":false},"excerpt":{"rendered":"<p>Los d\u00edas 5 y 6 de junio, hemos participado en los talleres de acreditaci\u00f3n de SPD organizados por el COF de Las Palmas de Gran Canaria.<\/p>\n","protected":false},"author":1,"featured_media":8699,"comment_status":"open","ping_status":"open","sticky":false,"template":"","format":"standard","meta":{"om_disable_all_campaigns":false,"footnotes":""},"categories":[49],"tags":[],"class_list":["post-11111","post","type-post","status-publish","format-standard","has-post-thumbnail","hentry","category-tallers-sobre-spd"],"yoast_head":"<!-- This site is optimized with the Yoast SEO plugin v27.5 - https:\/\/yoast.com\/product\/yoast-seo-wordpress\/ -->\n<title>Venalink colabora con el COF de Las Palmas | SPD Venalink<\/title>\n<meta name=\"description\" content=\"Venalink ha colaborado con el COF de Las Palmas de Gran Canaria para ofrecer los talleres de acreditaci\u00f3n de SPD. Te contamos todas las ponencias.\" \/>\n<meta name=\"robots\" content=\"index, follow, max-snippet:-1, max-image-preview:large, max-video-preview:-1\" \/>\n<link rel=\"canonical\" href=\"https:\/\/www.venalink.es\/ca\/venalink-colabora-los-talleres-acreditacion-spd-organizados-cof-las-palmas-gran-canaria\/\" \/>\n<meta property=\"og:locale\" content=\"ca_ES\" \/>\n<meta property=\"og:type\" content=\"article\" \/>\n<meta property=\"og:title\" content=\"Venalink colabora con el COF de Las Palmas | SPD Venalink\" \/>\n<meta property=\"og:description\" content=\"Venalink ha colaborado con el COF de Las Palmas de Gran Canaria para ofrecer los talleres de acreditaci\u00f3n de SPD. Te contamos todas las ponencias.\" \/>\n<meta property=\"og:url\" content=\"https:\/\/www.venalink.es\/ca\/venalink-colabora-los-talleres-acreditacion-spd-organizados-cof-las-palmas-gran-canaria\/\" \/>\n<meta property=\"og:site_name\" content=\"VENALINK\" \/>\n<meta property=\"article:published_time\" content=\"2017-06-06T16:28:25+00:00\" \/>\n<meta property=\"article:modified_time\" content=\"2020-04-03T12:13:14+00:00\" \/>\n<meta property=\"og:image\" content=\"https:\/\/www.venalink.es\/wp-content\/uploads\/2017\/06\/1705_Venalink_postprincipal.jpg\" \/>\n\t<meta property=\"og:image:width\" content=\"1200\" \/>\n\t<meta property=\"og:image:height\" content=\"628\" \/>\n\t<meta property=\"og:image:type\" content=\"image\/jpeg\" \/>\n<meta name=\"author\" content=\"VENALINK\" \/>\n<meta name=\"twitter:card\" content=\"summary_large_image\" \/>\n<meta name=\"twitter:label1\" content=\"Escrit per\" \/>\n\t<meta name=\"twitter:data1\" content=\"VENALINK\" \/>\n\t<meta name=\"twitter:label2\" content=\"Temps estimat de lectura\" \/>\n\t<meta name=\"twitter:data2\" content=\"8 minuts\" \/>\n<!-- \/ Yoast SEO plugin. -->","yoast_head_json":{"title":"Venalink colabora con el COF de Las Palmas | SPD Venalink","description":"Venalink ha colaborado con el COF de Las Palmas de Gran Canaria para ofrecer los talleres de acreditaci\u00f3n de SPD. Te contamos todas las ponencias.","robots":{"index":"index","follow":"follow","max-snippet":"max-snippet:-1","max-image-preview":"max-image-preview:large","max-video-preview":"max-video-preview:-1"},"canonical":"https:\/\/www.venalink.es\/ca\/venalink-colabora-los-talleres-acreditacion-spd-organizados-cof-las-palmas-gran-canaria\/","og_locale":"ca_ES","og_type":"article","og_title":"Venalink colabora con el COF de Las Palmas | SPD Venalink","og_description":"Venalink ha colaborado con el COF de Las Palmas de Gran Canaria para ofrecer los talleres de acreditaci\u00f3n de SPD. Te contamos todas las ponencias.","og_url":"https:\/\/www.venalink.es\/ca\/venalink-colabora-los-talleres-acreditacion-spd-organizados-cof-las-palmas-gran-canaria\/","og_site_name":"VENALINK","article_published_time":"2017-06-06T16:28:25+00:00","article_modified_time":"2020-04-03T12:13:14+00:00","og_image":[{"width":1200,"height":628,"url":"https:\/\/www.venalink.es\/wp-content\/uploads\/2017\/06\/1705_Venalink_postprincipal.jpg","type":"image\/jpeg"}],"author":"VENALINK","twitter_card":"summary_large_image","twitter_misc":{"Escrit per":"VENALINK","Temps estimat de lectura":"8 minuts"},"schema":{"@context":"https:\/\/schema.org","@graph":[{"@type":"Article","@id":"https:\/\/www.venalink.es\/ca\/venalink-colabora-los-talleres-acreditacion-spd-organizados-cof-las-palmas-gran-canaria\/#article","isPartOf":{"@id":"https:\/\/www.venalink.es\/ca\/venalink-colabora-los-talleres-acreditacion-spd-organizados-cof-las-palmas-gran-canaria\/"},"author":{"name":"VENALINK","@id":"https:\/\/www.venalink.es\/#\/schema\/person\/f5cba9db2c02b6d2d5341de2426e5ba4"},"headline":"Venalink colabora en los talleres de acreditaci\u00f3n de SPD organizados por el COF de Las Palmas de Gran Canaria","datePublished":"2017-06-06T16:28:25+00:00","dateModified":"2020-04-03T12:13:14+00:00","mainEntityOfPage":{"@id":"https:\/\/www.venalink.es\/ca\/venalink-colabora-los-talleres-acreditacion-spd-organizados-cof-las-palmas-gran-canaria\/"},"wordCount":1593,"commentCount":0,"image":{"@id":"https:\/\/www.venalink.es\/ca\/venalink-colabora-los-talleres-acreditacion-spd-organizados-cof-las-palmas-gran-canaria\/#primaryimage"},"thumbnailUrl":"https:\/\/www.venalink.es\/wp-content\/uploads\/2017\/06\/1705_Venalink_postprincipal.jpg","articleSection":["Tallers sobre SPD"],"inLanguage":"ca","potentialAction":[{"@type":"CommentAction","name":"Comment","target":["https:\/\/www.venalink.es\/ca\/venalink-colabora-los-talleres-acreditacion-spd-organizados-cof-las-palmas-gran-canaria\/#respond"]}]},{"@type":"WebPage","@id":"https:\/\/www.venalink.es\/ca\/venalink-colabora-los-talleres-acreditacion-spd-organizados-cof-las-palmas-gran-canaria\/","url":"https:\/\/www.venalink.es\/ca\/venalink-colabora-los-talleres-acreditacion-spd-organizados-cof-las-palmas-gran-canaria\/","name":"Venalink colabora con el COF de Las Palmas | SPD Venalink","isPartOf":{"@id":"https:\/\/www.venalink.es\/#website"},"primaryImageOfPage":{"@id":"https:\/\/www.venalink.es\/ca\/venalink-colabora-los-talleres-acreditacion-spd-organizados-cof-las-palmas-gran-canaria\/#primaryimage"},"image":{"@id":"https:\/\/www.venalink.es\/ca\/venalink-colabora-los-talleres-acreditacion-spd-organizados-cof-las-palmas-gran-canaria\/#primaryimage"},"thumbnailUrl":"https:\/\/www.venalink.es\/wp-content\/uploads\/2017\/06\/1705_Venalink_postprincipal.jpg","datePublished":"2017-06-06T16:28:25+00:00","dateModified":"2020-04-03T12:13:14+00:00","author":{"@id":"https:\/\/www.venalink.es\/#\/schema\/person\/f5cba9db2c02b6d2d5341de2426e5ba4"},"description":"Venalink ha colaborado con el COF de Las Palmas de Gran Canaria para ofrecer los talleres de acreditaci\u00f3n de SPD. Te contamos todas las ponencias.","breadcrumb":{"@id":"https:\/\/www.venalink.es\/ca\/venalink-colabora-los-talleres-acreditacion-spd-organizados-cof-las-palmas-gran-canaria\/#breadcrumb"},"inLanguage":"ca","potentialAction":[{"@type":"ReadAction","target":["https:\/\/www.venalink.es\/ca\/venalink-colabora-los-talleres-acreditacion-spd-organizados-cof-las-palmas-gran-canaria\/"]}]},{"@type":"ImageObject","inLanguage":"ca","@id":"https:\/\/www.venalink.es\/ca\/venalink-colabora-los-talleres-acreditacion-spd-organizados-cof-las-palmas-gran-canaria\/#primaryimage","url":"https:\/\/www.venalink.es\/wp-content\/uploads\/2017\/06\/1705_Venalink_postprincipal.jpg","contentUrl":"https:\/\/www.venalink.es\/wp-content\/uploads\/2017\/06\/1705_Venalink_postprincipal.jpg","width":1200,"height":628},{"@type":"BreadcrumbList","@id":"https:\/\/www.venalink.es\/ca\/venalink-colabora-los-talleres-acreditacion-spd-organizados-cof-las-palmas-gran-canaria\/#breadcrumb","itemListElement":[{"@type":"ListItem","position":1,"name":"Portada","item":"https:\/\/www.venalink.es\/ca\/"},{"@type":"ListItem","position":2,"name":"Venalink colabora en los talleres de acreditaci\u00f3n de SPD organizados por el COF de Las Palmas de Gran Canaria"}]},{"@type":"WebSite","@id":"https:\/\/www.venalink.es\/#website","url":"https:\/\/www.venalink.es\/","name":"VENALINK","description":"Medication Made Simple","potentialAction":[{"@type":"SearchAction","target":{"@type":"EntryPoint","urlTemplate":"https:\/\/www.venalink.es\/?s={search_term_string}"},"query-input":{"@type":"PropertyValueSpecification","valueRequired":true,"valueName":"search_term_string"}}],"inLanguage":"ca"},{"@type":"Person","@id":"https:\/\/www.venalink.es\/#\/schema\/person\/f5cba9db2c02b6d2d5341de2426e5ba4","name":"VENALINK","image":{"@type":"ImageObject","inLanguage":"ca","@id":"https:\/\/secure.gravatar.com\/avatar\/b685b6777e4a5e471ef69ef82eb93788357a1e74314713d25a10e3c88d46778c?s=96&d=blank&r=g","url":"https:\/\/secure.gravatar.com\/avatar\/b685b6777e4a5e471ef69ef82eb93788357a1e74314713d25a10e3c88d46778c?s=96&d=blank&r=g","contentUrl":"https:\/\/secure.gravatar.com\/avatar\/b685b6777e4a5e471ef69ef82eb93788357a1e74314713d25a10e3c88d46778c?s=96&d=blank&r=g","caption":"VENALINK"},"url":"https:\/\/www.venalink.es\/ca\/author\/vse4b64bas2816rnadc5s\/"}]}},"_links":{"self":[{"href":"https:\/\/www.venalink.es\/ca\/wp-json\/wp\/v2\/posts\/11111","targetHints":{"allow":["GET"]}}],"collection":[{"href":"https:\/\/www.venalink.es\/ca\/wp-json\/wp\/v2\/posts"}],"about":[{"href":"https:\/\/www.venalink.es\/ca\/wp-json\/wp\/v2\/types\/post"}],"author":[{"embeddable":true,"href":"https:\/\/www.venalink.es\/ca\/wp-json\/wp\/v2\/users\/1"}],"replies":[{"embeddable":true,"href":"https:\/\/www.venalink.es\/ca\/wp-json\/wp\/v2\/comments?post=11111"}],"version-history":[{"count":3,"href":"https:\/\/www.venalink.es\/ca\/wp-json\/wp\/v2\/posts\/11111\/revisions"}],"predecessor-version":[{"id":11114,"href":"https:\/\/www.venalink.es\/ca\/wp-json\/wp\/v2\/posts\/11111\/revisions\/11114"}],"wp:featuredmedia":[{"embeddable":true,"href":"https:\/\/www.venalink.es\/ca\/wp-json\/wp\/v2\/media\/8699"}],"wp:attachment":[{"href":"https:\/\/www.venalink.es\/ca\/wp-json\/wp\/v2\/media?parent=11111"}],"wp:term":[{"taxonomy":"category","embeddable":true,"href":"https:\/\/www.venalink.es\/ca\/wp-json\/wp\/v2\/categories?post=11111"},{"taxonomy":"post_tag","embeddable":true,"href":"https:\/\/www.venalink.es\/ca\/wp-json\/wp\/v2\/tags?post=11111"}],"curies":[{"name":"wp","href":"https:\/\/api.w.org\/{rel}","templated":true}]}}